{"id":3650,"date":"2023-08-03T14:05:45","date_gmt":"2023-08-03T17:05:45","guid":{"rendered":"https:\/\/excelsantos.com.br\/?p=3650"},"modified":"2023-08-03T14:05:47","modified_gmt":"2023-08-03T17:05:47","slug":"cct-importacao-modal-aereo-ja-e-realidade-em-todos-os-aeroportos-internacionais-brasileiros","status":"publish","type":"post","link":"https:\/\/excelsantos.com.br\/en\/cct-importacao-modal-aereo-ja-e-realidade-em-todos-os-aeroportos-internacionais-brasileiros\/","title":{"rendered":"CCT Importa\u00e7\u00e3o \u2013 Modal A\u00e9reo J\u00e1 \u00e9 realidade em todos os aeroportos internacionais brasileiros"},"content":{"rendered":"\n<p>Primeira declara\u00e7\u00e3o de importa\u00e7\u00e3o liberada em apenas 5 horas.<\/p>\n\n\n\n<p>Publicado em&nbsp;02\/08\/2023 17h01&nbsp;Atualizado em&nbsp;02\/08\/2023 17h38<\/p>\n\n\n\n<figure class=\"wp-block-image\"><img decoding=\"async\" src=\"https:\/\/www.gov.br\/receitafederal\/pt-br\/assuntos\/noticias\/2023\/agosto\/cct-importacao-2013-modal-aereo-ja-e-realidade-em-todos-os-aeroportos-internacionais-brasileiros\/aviao.jpg\/@@images\/d6d531c6-9526-44d9-b760-b1dd972eeedc.jpeg\" alt=\"Avi\u00e3o.jpg\" title=\"\"><\/figure>\n\n\n\n<p>Conforme anunciado, no dia 31\/7, pelo Ministro da Fazenda, Fernando Haddad e pelo Secret\u00e1rio Especial da Receita Federal do Brasil, Robinson Barreirinhas, o novo Controle de Carga e Tr\u00e2nsito para as importa\u00e7\u00f5es (CCT Importa\u00e7\u00e3o) foi implantado hoje (2\/8) \u00e0s 3h em&nbsp;<strong>todos os aeroportos internacionais brasileiros<\/strong>, em substitui\u00e7\u00e3o ao Sistema Integrado de Ger\u00eancia do Manifesto, do Tr\u00e2nsito e do Armazenamento (Mantra), em opera\u00e7\u00e3o h\u00e1 30 anos.<\/p>\n\n\n\n<p>A agilidade buscada com o sistema pode ser notada j\u00e1 na primeira Declara\u00e7\u00e3o de Importa\u00e7\u00e3o entregue por meio do novo fluxo. Registrada em Guarulhos, teve a chegada de carga registrada \u00e0s 7h28 e foi entregue ao importador, desembara\u00e7ada, em apenas 5 horas, \u00e0s 12h22.<\/p>\n\n\n\n<p>Como resultado da participa\u00e7\u00e3o ativa do setor na constru\u00e7\u00e3o da solu\u00e7\u00e3o, diversas viagens foram enviadas pelas companhias a\u00e9reas nos primeiros minutos da entrada do sistema no ar. At\u00e9 \u00e0s 10h de hoje, 62 viagens j\u00e1 haviam sido informadas e registradas 32 Declara\u00e7\u00f5es de Importa\u00e7\u00e3o e 10 Declara\u00e7\u00f5es de Tr\u00e2nsito Aduaneiros. No mesmo levantamento realizado, identificou-se a manifesta\u00e7\u00e3o de 205 Conhecimentos de Embarque A\u00e9reo, AWB [<em>Air Waybill<\/em>] e 293 MAWB [<em>Master Air Waybill<\/em>].&nbsp;<strong>Somente no Aeroporto de Guarulhos foram manifestados 458 HAWB [House Air Waybill].<\/strong><\/p>\n\n\n\n<p>Conduzida pela Receita Federal, a constru\u00e7\u00e3o do CCT Importa\u00e7\u00e3o \u2014 Modal A\u00e9reo contou com consultas e participa\u00e7\u00f5es de diversos \u00f3rg\u00e3os e entidades do Governo Federal e de representantes do setor privado. Com o novo sistema, o tr\u00e2mite das cargas a\u00e9reas internacionais que chegam ao Brasil passa a ocorrer completamente por meio de documentos digitais, em padr\u00f5es internacionais sob o regramento da Associa\u00e7\u00e3o Internacional de Transportes A\u00e9reos, a IATA [International Air Transport Association].<\/p>\n\n\n\n<p>Fruto de uma parceria entre o Minist\u00e9rio da Fazenda e o de Portos e Aeroportos, o sistema \u00e9 mais uma importante entrega do Programa Portal \u00danico de Com\u00e9rcio Exterior, cogerido pela Receita Federal e pela Secretaria de Com\u00e9rcio Exterior.<\/p>\n\n\n\n<p>Fonte: Receita Federal<\/p>\n\n\n\n<p>https:\/\/www.gov.br\/receitafederal\/pt-br\/assuntos\/noticias\/2023\/agosto\/cct-importacao-2013-modal-aereo-ja-e-realidade-em-todos-os-aeroportos-internacionais-brasileiros<\/p>\n","protected":false},"excerpt":{"rendered":"<p>Primeira declara\u00e7\u00e3o de importa\u00e7\u00e3o liberada em apenas 5 horas. Publicado em&nbsp;02\/08\/2023 17h01&nbsp;Atualizado em&nbsp;02\/08\/2023 17h38 Conforme anunciado, no dia 31\/7, pelo Ministro da Fazenda, Fernando Haddad e pelo Secret\u00e1rio Especial da Receita Federal do Brasil, Robinson Barreirinhas, o novo Controle de Carga e Tr\u00e2nsito para as importa\u00e7\u00f5es (CCT Importa\u00e7\u00e3o) foi implantado hoje (2\/8) \u00e0s 3h em&nbsp;todos [&hellip;]<\/p>\n","protected":false},"author":2,"featured_media":0,"comment_status":"open","ping_status":"open","sticky":false,"template":"","format":"standard","meta":{"footnotes":""},"categories":[1],"tags":[],"class_list":["post-3650","post","type-post","status-publish","format-standard","hentry","category-geral"],"blocksy_meta":[],"_links":{"self":[{"href":"https:\/\/excelsantos.com.br\/en\/wp-json\/wp\/v2\/posts\/3650","targetHints":{"allow":["GET"]}}],"collection":[{"href":"https:\/\/excelsantos.com.br\/en\/wp-json\/wp\/v2\/posts"}],"about":[{"href":"https:\/\/excelsantos.com.br\/en\/wp-json\/wp\/v2\/types\/post"}],"author":[{"embeddable":true,"href":"https:\/\/excelsantos.com.br\/en\/wp-json\/wp\/v2\/users\/2"}],"replies":[{"embeddable":true,"href":"https:\/\/excelsantos.com.br\/en\/wp-json\/wp\/v2\/comments?post=3650"}],"version-history":[{"count":1,"href":"https:\/\/excelsantos.com.br\/en\/wp-json\/wp\/v2\/posts\/3650\/revisions"}],"predecessor-version":[{"id":3651,"href":"https:\/\/excelsantos.com.br\/en\/wp-json\/wp\/v2\/posts\/3650\/revisions\/3651"}],"wp:attachment":[{"href":"https:\/\/excelsantos.com.br\/en\/wp-json\/wp\/v2\/media?parent=3650"}],"wp:term":[{"taxonomy":"category","embeddable":true,"href":"https:\/\/excelsantos.com.br\/en\/wp-json\/wp\/v2\/categories?post=3650"},{"taxonomy":"post_tag","embeddable":true,"href":"https:\/\/excelsantos.com.br\/en\/wp-json\/wp\/v2\/tags?post=3650"}],"curies":[{"name":"wp","href":"https:\/\/api.w.org\/{rel}","templated":true}]}}